{"id":1349,"date":"2015-04-16T16:47:31","date_gmt":"2015-04-16T15:47:31","guid":{"rendered":"http:\/\/testing.dexway.com\/?p=1349"},"modified":"2024-07-05T14:58:06","modified_gmt":"2024-07-05T12:58:06","slug":"presentacion-curso-frances-en-alicante","status":"publish","type":"post","link":"https:\/\/www.dexway.com\/es\/presentacion-curso-frances-en-alicante\/","title":{"rendered":"Evento de Presentaci\u00f3n del curso de franc\u00e9s en Alicante"},"content":{"rendered":"<span class=\"synved-social-container synved-social-container-share\"><a class=\"synved-social-button synved-social-button-share synved-social-size-32 synved-social-resolution-single synved-social-provider-facebook nolightbox\" data-provider=\"facebook\" target=\"_blank\" rel=\"nofollow\" title=\"Share on Facebook\" href=\"https:\/\/www.facebook.com\/sharer.php?u=https%3A%2F%2Fwww.dexway.com%2Fes%2Fwp-json%2Fwp%2Fv2%2Fposts%2F1349%2F&#038;t=Evento%20de%20Presentaci%C3%B3n%20del%20curso%20de%20franc%C3%A9s%20en%20Alicante&#038;s=100&#038;p&#091;url&#093;=https%3A%2F%2Fwww.dexway.com%2Fes%2Fwp-json%2Fwp%2Fv2%2Fposts%2F1349%2F&#038;p&#091;images&#093;&#091;0&#093;=https%3A%2F%2Fwww.dexway.com%2Fwp-content%2Fuploads%2F2015%2F10%2Fimagen1268m.jpg.png&#038;p&#091;title&#093;=Evento%20de%20Presentaci%C3%B3n%20del%20curso%20de%20franc%C3%A9s%20en%20Alicante\" style=\"font-size: 0px;width:32px;height:32px;margin:0;margin-bottom:5px;margin-right:5px\"><img loading=\"lazy\" decoding=\"async\" alt=\"Facebook\" title=\"Share on Facebook\" class=\"synved-share-image synved-social-image synved-social-image-share\" width=\"32\" height=\"32\" style=\"display: inline;width:32px;height:32px;margin: 0;padding: 0;border: none;box-shadow: none\" src=\"https:\/\/www.dexway.com\/wp-content\/plugins\/social-media-feather\/synved-social\/addons\/extra-icons\/image\/social\/clearslate\/64x64\/facebook.png\" \/><\/a><a class=\"synved-social-button synved-social-button-share synved-social-size-32 synved-social-resolution-single synved-social-provider-twitter nolightbox\" data-provider=\"twitter\" target=\"_blank\" rel=\"nofollow\" title=\"Share on Twitter\" href=\"https:\/\/twitter.com\/intent\/tweet?url=https%3A%2F%2Fwww.dexway.com%2Fes%2Fwp-json%2Fwp%2Fv2%2Fposts%2F1349%2F&#038;text=Hey%20check%20this%20out\" style=\"font-size: 0px;width:32px;height:32px;margin:0;margin-bottom:5px;margin-right:5px\"><img loading=\"lazy\" decoding=\"async\" alt=\"twitter\" title=\"Share on Twitter\" class=\"synved-share-image synved-social-image synved-social-image-share\" width=\"32\" height=\"32\" style=\"display: inline;width:32px;height:32px;margin: 0;padding: 0;border: none;box-shadow: none\" src=\"https:\/\/www.dexway.com\/wp-content\/plugins\/social-media-feather\/synved-social\/addons\/extra-icons\/image\/social\/clearslate\/64x64\/twitter.png\" \/><\/a><a class=\"synved-social-button synved-social-button-share synved-social-size-32 synved-social-resolution-single synved-social-provider-reddit nolightbox\" data-provider=\"reddit\" target=\"_blank\" rel=\"nofollow\" title=\"Share on Reddit\" href=\"https:\/\/www.reddit.com\/submit?url=https%3A%2F%2Fwww.dexway.com%2Fes%2Fwp-json%2Fwp%2Fv2%2Fposts%2F1349%2F&#038;title=Evento%20de%20Presentaci%C3%B3n%20del%20curso%20de%20franc%C3%A9s%20en%20Alicante\" style=\"font-size: 0px;width:32px;height:32px;margin:0;margin-bottom:5px;margin-right:5px\"><img loading=\"lazy\" decoding=\"async\" alt=\"reddit\" title=\"Share on Reddit\" class=\"synved-share-image synved-social-image synved-social-image-share\" width=\"32\" height=\"32\" style=\"display: inline;width:32px;height:32px;margin: 0;padding: 0;border: none;box-shadow: none\" src=\"https:\/\/www.dexway.com\/wp-content\/plugins\/social-media-feather\/synved-social\/addons\/extra-icons\/image\/social\/clearslate\/64x64\/reddit.png\" \/><\/a><a class=\"synved-social-button synved-social-button-share synved-social-size-32 synved-social-resolution-single synved-social-provider-pinterest nolightbox\" data-provider=\"pinterest\" target=\"_blank\" rel=\"nofollow\" title=\"Pin it with Pinterest\" href=\"https:\/\/pinterest.com\/pin\/create\/button\/?url=https%3A%2F%2Fwww.dexway.com%2Fes%2Fwp-json%2Fwp%2Fv2%2Fposts%2F1349%2F&#038;media=https%3A%2F%2Fwww.dexway.com%2Fwp-content%2Fuploads%2F2015%2F10%2Fimagen1268m.jpg.png&#038;description=Evento%20de%20Presentaci%C3%B3n%20del%20curso%20de%20franc%C3%A9s%20en%20Alicante\" style=\"font-size: 0px;width:32px;height:32px;margin:0;margin-bottom:5px;margin-right:5px\"><img loading=\"lazy\" decoding=\"async\" alt=\"pinterest\" title=\"Pin it with Pinterest\" class=\"synved-share-image synved-social-image synved-social-image-share\" width=\"32\" height=\"32\" style=\"display: inline;width:32px;height:32px;margin: 0;padding: 0;border: none;box-shadow: none\" src=\"https:\/\/www.dexway.com\/wp-content\/plugins\/social-media-feather\/synved-social\/addons\/extra-icons\/image\/social\/clearslate\/64x64\/pinterest.png\" \/><\/a><a class=\"synved-social-button synved-social-button-share synved-social-size-32 synved-social-resolution-single synved-social-provider-linkedin nolightbox\" data-provider=\"linkedin\" target=\"_blank\" rel=\"nofollow\" title=\"Share on Linkedin\" href=\"https:\/\/www.linkedin.com\/shareArticle?mini=true&#038;url=https%3A%2F%2Fwww.dexway.com%2Fes%2Fwp-json%2Fwp%2Fv2%2Fposts%2F1349%2F&#038;title=Evento%20de%20Presentaci%C3%B3n%20del%20curso%20de%20franc%C3%A9s%20en%20Alicante\" style=\"font-size: 0px;width:32px;height:32px;margin:0;margin-bottom:5px;margin-right:5px\"><img loading=\"lazy\" decoding=\"async\" alt=\"linkedin\" title=\"Share on Linkedin\" class=\"synved-share-image synved-social-image synved-social-image-share\" width=\"32\" height=\"32\" style=\"display: inline;width:32px;height:32px;margin: 0;padding: 0;border: none;box-shadow: none\" src=\"https:\/\/www.dexway.com\/wp-content\/plugins\/social-media-feather\/synved-social\/addons\/extra-icons\/image\/social\/clearslate\/64x64\/linkedin.png\" \/><\/a><a class=\"synved-social-button synved-social-button-share synved-social-size-32 synved-social-resolution-single synved-social-provider-mail nolightbox\" data-provider=\"mail\" rel=\"nofollow\" title=\"Share by email\" href=\"mailto:?subject=Evento%20de%20Presentaci%C3%B3n%20del%20curso%20de%20franc%C3%A9s%20en%20Alicante&#038;body=Hey%20check%20this%20out:%20https%3A%2F%2Fwww.dexway.com%2Fes%2Fwp-json%2Fwp%2Fv2%2Fposts%2F1349%2F\" style=\"font-size: 0px;width:32px;height:32px;margin:0;margin-bottom:5px\"><img loading=\"lazy\" decoding=\"async\" alt=\"mail\" title=\"Share by email\" class=\"synved-share-image synved-social-image synved-social-image-share\" width=\"32\" height=\"32\" style=\"display: inline;width:32px;height:32px;margin: 0;padding: 0;border: none;box-shadow: none\" src=\"https:\/\/www.dexway.com\/wp-content\/plugins\/social-media-feather\/synved-social\/addons\/extra-icons\/image\/social\/clearslate\/64x64\/mail.png\" \/><\/a><\/span><p>El pasado viernes 10 de abril tuvo lugar en la ciudad de Alicante la<strong> presentaci\u00f3n de nuestro curso de franc\u00e9s<\/strong> en un evento al que acudieron m\u00e1s de 100 asistentes de la provincia de Alicante.<\/p>\n<p>Tras la presentaci\u00f3n del evento intervino el jefe del proyecto de Dexway acompa\u00f1ado de una de las tutoras. Durante la presentaci\u00f3n de la\u00a0<strong>plataforma educativa<\/strong>, los asistentes tuvieron oportunidad de conocer las nuevas\u00a0<strong>soluciones formativas<\/strong>\u00a0<strong>Dexway<\/strong>, as\u00ed como las mejoras pedag\u00f3gicas y tecnol\u00f3gicas recientemente incorporadas, fruto de nuestra dilatada experiencia de m\u00e1s de 30 a\u00f1os en el sector.<\/p>\n<p>Una de las novedades presentadas fueron los\u00a0<strong>informes de seguimiento y evoluci\u00f3n<\/strong>, que permiten conocer el todo momento la evoluci\u00f3n del alumno y garantizar el ROI.<\/p>\n<p>Os recordamos que nuestra novedosa plataforma educativa cuenta con asistencia individualizada gracias a nuestra\u00a0<strong>virtual classroom.<\/strong><\/p>\n<p>Agradecemos a todos los asistentes la buena acogida y el inter\u00e9s mostrado en el\u00a0<strong>m\u00e9todo Dexway<\/strong>.<\/p>\n","protected":false},"excerpt":{"rendered":"<p>El pasado viernes 10 de abril tuvo lugar en la ciudad de Alicante la presentaci\u00f3n de nuestro curso de franc\u00e9s en un evento al que acudieron m\u00e1s de 100 asistentes de la provincia de Alicante. Tras la presentaci\u00f3n del evento intervino el jefe del proyecto de Dexway acompa\u00f1ado de una de las tutoras. Durante la [&hellip;]<\/p>\n","protected":false},"author":17,"featured_media":1350,"comment_status":"open","ping_status":"open","sticky":false,"template":"","format":"standard","meta":{"_et_pb_use_builder":"","_et_pb_old_content":"","_et_gb_content_width":"","footnotes":""},"categories":[735],"tags":[432],"class_list":["post-1349","post","type-post","status-publish","format-standard","has-post-thumbnail","hentry","category-eventos","tag-cursos-dexway-de-frances"],"yoast_head":"<!-- This site is optimized with the Yoast SEO plugin v27.3 - https:\/\/yoast.com\/product\/yoast-seo-wordpress\/ -->\n<title>Presentaci\u00f3n del curso de franc\u00e9s en Alicante: Novedades formativas<\/title>\n<meta name=\"description\" content=\"En la presentaci\u00f3n del curso de franc\u00e9s en Alicante, dimos a conocer las nuevas\u00a0soluciones formativas\u00a0Dexway. \u00a1Desc\u00fabrela!\" \/>\n<meta name=\"robots\" content=\"index, follow, max-snippet:-1, max-image-preview:large, max-video-preview:-1\" \/>\n<link rel=\"canonical\" href=\"https:\/\/www.dexway.com\/es\/presentacion-curso-frances-en-alicante\/\" \/>\n<meta property=\"og:locale\" content=\"es_ES\" \/>\n<meta property=\"og:type\" content=\"article\" \/>\n<meta property=\"og:title\" content=\"Presentaci\u00f3n del curso de franc\u00e9s en Alicante: Novedades formativas\" \/>\n<meta property=\"og:description\" content=\"En la presentaci\u00f3n del curso de franc\u00e9s en Alicante, dimos a conocer las nuevas\u00a0soluciones formativas\u00a0Dexway. \u00a1Desc\u00fabrela!\" \/>\n<meta property=\"og:url\" content=\"https:\/\/www.dexway.com\/es\/presentacion-curso-frances-en-alicante\/\" \/>\n<meta property=\"og:site_name\" content=\"Dexway\" \/>\n<meta property=\"article:publisher\" content=\"https:\/\/www.facebook.com\/dexwayidiomas\" \/>\n<meta property=\"article:published_time\" content=\"2015-04-16T15:47:31+00:00\" \/>\n<meta property=\"article:modified_time\" content=\"2024-07-05T12:58:06+00:00\" \/>\n<meta property=\"og:image\" content=\"https:\/\/www.dexway.com\/wp-content\/uploads\/2015\/10\/imagen1268m.jpg.png\" \/>\n\t<meta property=\"og:image:width\" content=\"745\" \/>\n\t<meta property=\"og:image:height\" content=\"428\" \/>\n\t<meta property=\"og:image:type\" content=\"image\/png\" \/>\n<meta name=\"author\" content=\"Dexway Communication\" \/>\n<meta name=\"twitter:card\" content=\"summary_large_image\" \/>\n<meta name=\"twitter:creator\" content=\"@mydexway\" \/>\n<meta name=\"twitter:site\" content=\"@mydexway\" \/>\n<meta name=\"twitter:label1\" content=\"Escrito por\" \/>\n\t<meta name=\"twitter:data1\" content=\"Dexway Communication\" \/>\n\t<meta name=\"twitter:label2\" content=\"Tiempo de lectura\" \/>\n\t<meta name=\"twitter:data2\" content=\"1 minuto\" \/>\n<script type=\"application\/ld+json\" class=\"yoast-schema-graph\">{\"@context\":\"https:\\\/\\\/schema.org\",\"@graph\":[{\"@type\":\"Article\",\"@id\":\"https:\\\/\\\/www.dexway.com\\\/es\\\/presentacion-curso-frances-en-alicante\\\/#article\",\"isPartOf\":{\"@id\":\"https:\\\/\\\/www.dexway.com\\\/es\\\/presentacion-curso-frances-en-alicante\\\/\"},\"author\":{\"name\":\"Dexway Communication\",\"@id\":\"https:\\\/\\\/www.dexway.com\\\/#\\\/schema\\\/person\\\/40ed278af4bddcbfab2d64d3c679732a\"},\"headline\":\"Evento de Presentaci\u00f3n del curso de franc\u00e9s en Alicante\",\"datePublished\":\"2015-04-16T15:47:31+00:00\",\"dateModified\":\"2024-07-05T12:58:06+00:00\",\"mainEntityOfPage\":{\"@id\":\"https:\\\/\\\/www.dexway.com\\\/es\\\/presentacion-curso-frances-en-alicante\\\/\"},\"wordCount\":173,\"commentCount\":0,\"publisher\":{\"@id\":\"https:\\\/\\\/www.dexway.com\\\/#organization\"},\"image\":{\"@id\":\"https:\\\/\\\/www.dexway.com\\\/es\\\/presentacion-curso-frances-en-alicante\\\/#primaryimage\"},\"thumbnailUrl\":\"https:\\\/\\\/www.dexway.com\\\/wp-content\\\/uploads\\\/2015\\\/10\\\/imagen1268m.jpg.png\",\"keywords\":[\"Cursos Dexway de franc\u00e9s\"],\"articleSection\":[\"Eventos\"],\"inLanguage\":\"es\",\"potentialAction\":[{\"@type\":\"CommentAction\",\"name\":\"Comment\",\"target\":[\"https:\\\/\\\/www.dexway.com\\\/es\\\/presentacion-curso-frances-en-alicante\\\/#respond\"]}]},{\"@type\":\"WebPage\",\"@id\":\"https:\\\/\\\/www.dexway.com\\\/es\\\/presentacion-curso-frances-en-alicante\\\/\",\"url\":\"https:\\\/\\\/www.dexway.com\\\/es\\\/presentacion-curso-frances-en-alicante\\\/\",\"name\":\"Presentaci\u00f3n del curso de franc\u00e9s en Alicante: Novedades formativas\",\"isPartOf\":{\"@id\":\"https:\\\/\\\/www.dexway.com\\\/#website\"},\"primaryImageOfPage\":{\"@id\":\"https:\\\/\\\/www.dexway.com\\\/es\\\/presentacion-curso-frances-en-alicante\\\/#primaryimage\"},\"image\":{\"@id\":\"https:\\\/\\\/www.dexway.com\\\/es\\\/presentacion-curso-frances-en-alicante\\\/#primaryimage\"},\"thumbnailUrl\":\"https:\\\/\\\/www.dexway.com\\\/wp-content\\\/uploads\\\/2015\\\/10\\\/imagen1268m.jpg.png\",\"datePublished\":\"2015-04-16T15:47:31+00:00\",\"dateModified\":\"2024-07-05T12:58:06+00:00\",\"description\":\"En la presentaci\u00f3n del curso de franc\u00e9s en Alicante, dimos a conocer las nuevas\u00a0soluciones formativas\u00a0Dexway. \u00a1Desc\u00fabrela!\",\"breadcrumb\":{\"@id\":\"https:\\\/\\\/www.dexway.com\\\/es\\\/presentacion-curso-frances-en-alicante\\\/#breadcrumb\"},\"inLanguage\":\"es\",\"potentialAction\":[{\"@type\":\"ReadAction\",\"target\":[\"https:\\\/\\\/www.dexway.com\\\/es\\\/presentacion-curso-frances-en-alicante\\\/\"]}]},{\"@type\":\"ImageObject\",\"inLanguage\":\"es\",\"@id\":\"https:\\\/\\\/www.dexway.com\\\/es\\\/presentacion-curso-frances-en-alicante\\\/#primaryimage\",\"url\":\"https:\\\/\\\/www.dexway.com\\\/wp-content\\\/uploads\\\/2015\\\/10\\\/imagen1268m.jpg.png\",\"contentUrl\":\"https:\\\/\\\/www.dexway.com\\\/wp-content\\\/uploads\\\/2015\\\/10\\\/imagen1268m.jpg.png\",\"width\":745,\"height\":428},{\"@type\":\"BreadcrumbList\",\"@id\":\"https:\\\/\\\/www.dexway.com\\\/es\\\/presentacion-curso-frances-en-alicante\\\/#breadcrumb\",\"itemListElement\":[{\"@type\":\"ListItem\",\"position\":1,\"name\":\"Portada\",\"item\":\"https:\\\/\\\/www.dexway.com\\\/es\\\/\"},{\"@type\":\"ListItem\",\"position\":2,\"name\":\"Evento de Presentaci\u00f3n del curso de franc\u00e9s en Alicante\"}]},{\"@type\":\"WebSite\",\"@id\":\"https:\\\/\\\/www.dexway.com\\\/#website\",\"url\":\"https:\\\/\\\/www.dexway.com\\\/\",\"name\":\"Dexway\",\"description\":\"Innovation in Languages\",\"publisher\":{\"@id\":\"https:\\\/\\\/www.dexway.com\\\/#organization\"},\"potentialAction\":[{\"@type\":\"SearchAction\",\"target\":{\"@type\":\"EntryPoint\",\"urlTemplate\":\"https:\\\/\\\/www.dexway.com\\\/?s={search_term_string}\"},\"query-input\":{\"@type\":\"PropertyValueSpecification\",\"valueRequired\":true,\"valueName\":\"search_term_string\"}}],\"inLanguage\":\"es\"},{\"@type\":\"Organization\",\"@id\":\"https:\\\/\\\/www.dexway.com\\\/#organization\",\"name\":\"Dexway\",\"url\":\"https:\\\/\\\/www.dexway.com\\\/\",\"logo\":{\"@type\":\"ImageObject\",\"inLanguage\":\"es\",\"@id\":\"https:\\\/\\\/www.dexway.com\\\/#\\\/schema\\\/logo\\\/image\\\/\",\"url\":\"https:\\\/\\\/www.dexway.com\\\/wp-content\\\/uploads\\\/2018\\\/09\\\/PNG100-innovation-in-languages-Logo-Dexway-RGB.png\",\"contentUrl\":\"https:\\\/\\\/www.dexway.com\\\/wp-content\\\/uploads\\\/2018\\\/09\\\/PNG100-innovation-in-languages-Logo-Dexway-RGB.png\",\"width\":314,\"height\":100,\"caption\":\"Dexway\"},\"image\":{\"@id\":\"https:\\\/\\\/www.dexway.com\\\/#\\\/schema\\\/logo\\\/image\\\/\"},\"sameAs\":[\"https:\\\/\\\/www.facebook.com\\\/dexwayidiomas\",\"https:\\\/\\\/x.com\\\/mydexway\",\"https:\\\/\\\/www.linkedin.com\\\/company\\\/dexway\\\/\",\"https:\\\/\\\/www.instagram.com\\\/dexway_idiomas\\\/\"]},{\"@type\":\"Person\",\"@id\":\"https:\\\/\\\/www.dexway.com\\\/#\\\/schema\\\/person\\\/40ed278af4bddcbfab2d64d3c679732a\",\"name\":\"Dexway Communication\",\"image\":{\"@type\":\"ImageObject\",\"inLanguage\":\"es\",\"@id\":\"https:\\\/\\\/secure.gravatar.com\\\/avatar\\\/4359ef13f09f65835d2204b77e7fbde0515373b26a06d3652ae957e839ac5859?s=96&d=identicon&r=g\",\"url\":\"https:\\\/\\\/secure.gravatar.com\\\/avatar\\\/4359ef13f09f65835d2204b77e7fbde0515373b26a06d3652ae957e839ac5859?s=96&d=identicon&r=g\",\"contentUrl\":\"https:\\\/\\\/secure.gravatar.com\\\/avatar\\\/4359ef13f09f65835d2204b77e7fbde0515373b26a06d3652ae957e839ac5859?s=96&d=identicon&r=g\",\"caption\":\"Dexway Communication\"},\"sameAs\":[\"http:\\\/\\\/www.dexway.com\\\/wp-admin\\\/\"],\"url\":\"https:\\\/\\\/www.dexway.com\\\/es\\\/author\\\/carmen-dexway\\\/\"}]}<\/script>\n<!-- \/ Yoast SEO plugin. -->","yoast_head_json":{"title":"Presentaci\u00f3n del curso de franc\u00e9s en Alicante: Novedades formativas","description":"En la presentaci\u00f3n del curso de franc\u00e9s en Alicante, dimos a conocer las nuevas\u00a0soluciones formativas\u00a0Dexway. \u00a1Desc\u00fabrela!","robots":{"index":"index","follow":"follow","max-snippet":"max-snippet:-1","max-image-preview":"max-image-preview:large","max-video-preview":"max-video-preview:-1"},"canonical":"https:\/\/www.dexway.com\/es\/presentacion-curso-frances-en-alicante\/","og_locale":"es_ES","og_type":"article","og_title":"Presentaci\u00f3n del curso de franc\u00e9s en Alicante: Novedades formativas","og_description":"En la presentaci\u00f3n del curso de franc\u00e9s en Alicante, dimos a conocer las nuevas\u00a0soluciones formativas\u00a0Dexway. \u00a1Desc\u00fabrela!","og_url":"https:\/\/www.dexway.com\/es\/presentacion-curso-frances-en-alicante\/","og_site_name":"Dexway","article_publisher":"https:\/\/www.facebook.com\/dexwayidiomas","article_published_time":"2015-04-16T15:47:31+00:00","article_modified_time":"2024-07-05T12:58:06+00:00","og_image":[{"width":745,"height":428,"url":"https:\/\/www.dexway.com\/wp-content\/uploads\/2015\/10\/imagen1268m.jpg.png","type":"image\/png"}],"author":"Dexway Communication","twitter_card":"summary_large_image","twitter_creator":"@mydexway","twitter_site":"@mydexway","twitter_misc":{"Escrito por":"Dexway Communication","Tiempo de lectura":"1 minuto"},"schema":{"@context":"https:\/\/schema.org","@graph":[{"@type":"Article","@id":"https:\/\/www.dexway.com\/es\/presentacion-curso-frances-en-alicante\/#article","isPartOf":{"@id":"https:\/\/www.dexway.com\/es\/presentacion-curso-frances-en-alicante\/"},"author":{"name":"Dexway Communication","@id":"https:\/\/www.dexway.com\/#\/schema\/person\/40ed278af4bddcbfab2d64d3c679732a"},"headline":"Evento de Presentaci\u00f3n del curso de franc\u00e9s en Alicante","datePublished":"2015-04-16T15:47:31+00:00","dateModified":"2024-07-05T12:58:06+00:00","mainEntityOfPage":{"@id":"https:\/\/www.dexway.com\/es\/presentacion-curso-frances-en-alicante\/"},"wordCount":173,"commentCount":0,"publisher":{"@id":"https:\/\/www.dexway.com\/#organization"},"image":{"@id":"https:\/\/www.dexway.com\/es\/presentacion-curso-frances-en-alicante\/#primaryimage"},"thumbnailUrl":"https:\/\/www.dexway.com\/wp-content\/uploads\/2015\/10\/imagen1268m.jpg.png","keywords":["Cursos Dexway de franc\u00e9s"],"articleSection":["Eventos"],"inLanguage":"es","potentialAction":[{"@type":"CommentAction","name":"Comment","target":["https:\/\/www.dexway.com\/es\/presentacion-curso-frances-en-alicante\/#respond"]}]},{"@type":"WebPage","@id":"https:\/\/www.dexway.com\/es\/presentacion-curso-frances-en-alicante\/","url":"https:\/\/www.dexway.com\/es\/presentacion-curso-frances-en-alicante\/","name":"Presentaci\u00f3n del curso de franc\u00e9s en Alicante: Novedades formativas","isPartOf":{"@id":"https:\/\/www.dexway.com\/#website"},"primaryImageOfPage":{"@id":"https:\/\/www.dexway.com\/es\/presentacion-curso-frances-en-alicante\/#primaryimage"},"image":{"@id":"https:\/\/www.dexway.com\/es\/presentacion-curso-frances-en-alicante\/#primaryimage"},"thumbnailUrl":"https:\/\/www.dexway.com\/wp-content\/uploads\/2015\/10\/imagen1268m.jpg.png","datePublished":"2015-04-16T15:47:31+00:00","dateModified":"2024-07-05T12:58:06+00:00","description":"En la presentaci\u00f3n del curso de franc\u00e9s en Alicante, dimos a conocer las nuevas\u00a0soluciones formativas\u00a0Dexway. \u00a1Desc\u00fabrela!","breadcrumb":{"@id":"https:\/\/www.dexway.com\/es\/presentacion-curso-frances-en-alicante\/#breadcrumb"},"inLanguage":"es","potentialAction":[{"@type":"ReadAction","target":["https:\/\/www.dexway.com\/es\/presentacion-curso-frances-en-alicante\/"]}]},{"@type":"ImageObject","inLanguage":"es","@id":"https:\/\/www.dexway.com\/es\/presentacion-curso-frances-en-alicante\/#primaryimage","url":"https:\/\/www.dexway.com\/wp-content\/uploads\/2015\/10\/imagen1268m.jpg.png","contentUrl":"https:\/\/www.dexway.com\/wp-content\/uploads\/2015\/10\/imagen1268m.jpg.png","width":745,"height":428},{"@type":"BreadcrumbList","@id":"https:\/\/www.dexway.com\/es\/presentacion-curso-frances-en-alicante\/#breadcrumb","itemListElement":[{"@type":"ListItem","position":1,"name":"Portada","item":"https:\/\/www.dexway.com\/es\/"},{"@type":"ListItem","position":2,"name":"Evento de Presentaci\u00f3n del curso de franc\u00e9s en Alicante"}]},{"@type":"WebSite","@id":"https:\/\/www.dexway.com\/#website","url":"https:\/\/www.dexway.com\/","name":"Dexway","description":"Innovation in Languages","publisher":{"@id":"https:\/\/www.dexway.com\/#organization"},"potentialAction":[{"@type":"SearchAction","target":{"@type":"EntryPoint","urlTemplate":"https:\/\/www.dexway.com\/?s={search_term_string}"},"query-input":{"@type":"PropertyValueSpecification","valueRequired":true,"valueName":"search_term_string"}}],"inLanguage":"es"},{"@type":"Organization","@id":"https:\/\/www.dexway.com\/#organization","name":"Dexway","url":"https:\/\/www.dexway.com\/","logo":{"@type":"ImageObject","inLanguage":"es","@id":"https:\/\/www.dexway.com\/#\/schema\/logo\/image\/","url":"https:\/\/www.dexway.com\/wp-content\/uploads\/2018\/09\/PNG100-innovation-in-languages-Logo-Dexway-RGB.png","contentUrl":"https:\/\/www.dexway.com\/wp-content\/uploads\/2018\/09\/PNG100-innovation-in-languages-Logo-Dexway-RGB.png","width":314,"height":100,"caption":"Dexway"},"image":{"@id":"https:\/\/www.dexway.com\/#\/schema\/logo\/image\/"},"sameAs":["https:\/\/www.facebook.com\/dexwayidiomas","https:\/\/x.com\/mydexway","https:\/\/www.linkedin.com\/company\/dexway\/","https:\/\/www.instagram.com\/dexway_idiomas\/"]},{"@type":"Person","@id":"https:\/\/www.dexway.com\/#\/schema\/person\/40ed278af4bddcbfab2d64d3c679732a","name":"Dexway Communication","image":{"@type":"ImageObject","inLanguage":"es","@id":"https:\/\/secure.gravatar.com\/avatar\/4359ef13f09f65835d2204b77e7fbde0515373b26a06d3652ae957e839ac5859?s=96&d=identicon&r=g","url":"https:\/\/secure.gravatar.com\/avatar\/4359ef13f09f65835d2204b77e7fbde0515373b26a06d3652ae957e839ac5859?s=96&d=identicon&r=g","contentUrl":"https:\/\/secure.gravatar.com\/avatar\/4359ef13f09f65835d2204b77e7fbde0515373b26a06d3652ae957e839ac5859?s=96&d=identicon&r=g","caption":"Dexway Communication"},"sameAs":["http:\/\/www.dexway.com\/wp-admin\/"],"url":"https:\/\/www.dexway.com\/es\/author\/carmen-dexway\/"}]}},"_links":{"self":[{"href":"https:\/\/www.dexway.com\/es\/wp-json\/wp\/v2\/posts\/1349","targetHints":{"allow":["GET"]}}],"collection":[{"href":"https:\/\/www.dexway.com\/es\/wp-json\/wp\/v2\/posts"}],"about":[{"href":"https:\/\/www.dexway.com\/es\/wp-json\/wp\/v2\/types\/post"}],"author":[{"embeddable":true,"href":"https:\/\/www.dexway.com\/es\/wp-json\/wp\/v2\/users\/17"}],"replies":[{"embeddable":true,"href":"https:\/\/www.dexway.com\/es\/wp-json\/wp\/v2\/comments?post=1349"}],"version-history":[{"count":1,"href":"https:\/\/www.dexway.com\/es\/wp-json\/wp\/v2\/posts\/1349\/revisions"}],"predecessor-version":[{"id":28418,"href":"https:\/\/www.dexway.com\/es\/wp-json\/wp\/v2\/posts\/1349\/revisions\/28418"}],"wp:featuredmedia":[{"embeddable":true,"href":"https:\/\/www.dexway.com\/es\/wp-json\/wp\/v2\/media\/1350"}],"wp:attachment":[{"href":"https:\/\/www.dexway.com\/es\/wp-json\/wp\/v2\/media?parent=1349"}],"wp:term":[{"taxonomy":"category","embeddable":true,"href":"https:\/\/www.dexway.com\/es\/wp-json\/wp\/v2\/categories?post=1349"},{"taxonomy":"post_tag","embeddable":true,"href":"https:\/\/www.dexway.com\/es\/wp-json\/wp\/v2\/tags?post=1349"}],"curies":[{"name":"wp","href":"https:\/\/api.w.org\/{rel}","templated":true}]}}